{"id":1838,"date":"2026-03-12T10:08:32","date_gmt":"2026-03-12T10:08:32","guid":{"rendered":"https:\/\/www.nadinesalem.fr\/?p=1838"},"modified":"2026-03-12T10:23:22","modified_gmt":"2026-03-12T10:23:22","slug":"painting-exhibition-rochefort","status":"publish","type":"post","link":"https:\/\/www.nadinesalem.fr\/en\/painting-exhibition-rochefort\/","title":{"rendered":"Open Studios Painting Exhibition in Rochefort | March 21\u201322, 2026"},"content":{"rendered":"\t\t<div data-elementor-type=\"wp-post\" data-elementor-id=\"1838\" class=\"elementor elementor-1838\" data-elementor-post-type=\"post\">\n\t\t\t\t<div class=\"elementor-element elementor-element-3fdd875 e-flex e-con-boxed e-con e-parent\" data-id=\"3fdd875\" data-element_type=\"container\">\n\t\t\t\t\t<div class=\"e-con-inner\">\n\t\t\t\t<div class=\"elementor-element elementor-element-8386a78 elementor-widget elementor-widget-heading\" data-id=\"8386a78\" data-element_type=\"widget\" data-widget_type=\"heading.default\">\n\t\t\t\t<div class=\"elementor-widget-container\">\n\t\t\t\t\t<h1 class=\"elementor-heading-title elementor-size-default\">Exposition peinture Portes Ouvertes \u00e0 Rochefort<\/h1>\t\t\t\t<\/div>\n\t\t\t\t<\/div>\n\t\t\t\t<div class=\"elementor-element elementor-element-3e31a95 elementor-widget elementor-widget-text-editor\" data-id=\"3e31a95\" data-element_type=\"widget\" data-widget_type=\"text-editor.default\">\n\t\t\t\t<div class=\"elementor-widget-container\">\n\t\t\t\t\t\t\t\t\t<p>Vous cherchez une <strong>exposition de peinture \u00e0 Rochefort<\/strong> \u00e0 d\u00e9couvrir au printemps prochain ? Les <strong>Portes Ouvertes \u2013 Travaux d\u2019Artistes<\/strong> offrent une belle occasion d\u2019entrer dans l\u2019univers des cr\u00e9ateurs rochefortais. Pendant tout un week-end, les visiteurs sont invit\u00e9s \u00e0 pousser les portes des ateliers, des maisons et des lieux de cr\u00e9ation, pour vivre l\u2019art de mani\u00e8re plus directe, plus libre, plus vivante.<\/p><p>\u00c0 cette occasion, <a href=\"https:\/\/www.nadinesalem.fr\/\"><strong>Nadine Salem<\/strong><\/a> vous accueille \u00e0 <strong>Rochefort<\/strong> les <strong>21 et 22 mars 2026<\/strong>, <strong>de 11h \u00e0 18h<\/strong>, dans le cadre de cet <strong>\u00e9v\u00e9nement artistique ouvert \u00e0 tous<\/strong>. <strong>L\u2019entr\u00e9e est libre<\/strong>, l\u2019<strong>atmosph\u00e8re conviviale<\/strong>, et la promenade promet d\u2019\u00eatre inspirante.<\/p>\t\t\t\t\t\t\t\t<\/div>\n\t\t\t\t<\/div>\n\t\t\t\t<div class=\"elementor-element elementor-element-2632e13 elementor-widget elementor-widget-spacer\" data-id=\"2632e13\" data-element_type=\"widget\" data-widget_type=\"spacer.default\">\n\t\t\t\t<div class=\"elementor-widget-container\">\n\t\t\t\t\t\t\t<div class=\"elementor-spacer\">\n\t\t\t<div class=\"elementor-spacer-inner\"><\/div>\n\t\t<\/div>\n\t\t\t\t\t\t<\/div>\n\t\t\t\t<\/div>\n\t\t\t\t\t<\/div>\n\t\t\t\t<\/div>\n\t\t<div class=\"elementor-element elementor-element-fd2de62 e-flex e-con-boxed e-con e-parent\" data-id=\"fd2de62\" data-element_type=\"container\" data-settings=\"{&quot;background_background&quot;:&quot;classic&quot;,&quot;shape_divider_top&quot;:&quot;waves&quot;}\">\n\t\t\t\t\t<div class=\"e-con-inner\">\n\t\t\t\t<div class=\"elementor-shape elementor-shape-top\" aria-hidden=\"true\" data-negative=\"false\">\n\t\t\t<svg xmlns=\"http:\/\/www.w3.org\/2000\/svg\" viewBox=\"0 0 1000 100\" preserveAspectRatio=\"none\">\n\t<path class=\"elementor-shape-fill\" d=\"M421.9,6.5c22.6-2.5,51.5,0.4,75.5,5.3c23.6,4.9,70.9,23.5,100.5,35.7c75.8,32.2,133.7,44.5,192.6,49.7\n\tc23.6,2.1,48.7,3.5,103.4-2.5c54.7-6,106.2-25.6,106.2-25.6V0H0v30.3c0,0,72,32.6,158.4,30.5c39.2-0.7,92.8-6.7,134-22.4\n\tc21.2-8.1,52.2-18.2,79.7-24.2C399.3,7.9,411.6,7.5,421.9,6.5z\"\/>\n<\/svg>\t\t<\/div>\n\t\t\t\t<div class=\"elementor-element elementor-element-5de11ef elementor-widget elementor-widget-heading\" data-id=\"5de11ef\" data-element_type=\"widget\" data-widget_type=\"heading.default\">\n\t\t\t\t<div class=\"elementor-widget-container\">\n\t\t\t\t\t<h2 class=\"elementor-heading-title elementor-size-default\">Rencontrer Nadine Salem au c\u0153ur de Rochefort<\/h2>\t\t\t\t<\/div>\n\t\t\t\t<\/div>\n\t\t\t\t<div class=\"elementor-element elementor-element-91ae622 elementor-widget elementor-widget-text-editor\" data-id=\"91ae622\" data-element_type=\"widget\" data-widget_type=\"text-editor.default\">\n\t\t\t\t<div class=\"elementor-widget-container\">\n\t\t\t\t\t\t\t\t\t<p>Pour cette <strong>exposition de peinture \u00e0 Rochefort<\/strong>, vous pourrez retrouver <strong>Nadine Salem<\/strong> au <strong>100 rue de la R\u00e9publique<\/strong>, au <strong>rep\u00e8re 11 du plan des Portes Ouvertes<\/strong>.<\/p><p>Ce lieu partag\u00e9 permet de d\u00e9couvrir plusieurs sensibilit\u00e9s artistiques dans une m\u00eame halte. Sur place, le public pourra \u00e9galement retrouver <a href=\"https:\/\/www.instagram.com\/chimerebalthazar\/\" target=\"_blank\" rel=\"noopener\"><strong>Chim\u00e8re &amp; Balthazar<\/strong><\/a>, autour d\u2019un univers de cabinet de curiosit\u00e9s, ainsi qu\u2019<a href=\"https:\/\/www.instagram.com\/odmougin\/\" target=\"_blank\" rel=\"noopener\"><strong>Odile Mougin<\/strong><\/a>, dont le travail m\u00eale <strong>photographie<\/strong>, <strong>collage<\/strong> et <strong>peinture<\/strong>.<\/p><p>C\u2019est un cadre particuli\u00e8rement propice \u00e0 la rencontre. Ici, la <strong>peinture<\/strong> se d\u00e9couvre sans distance superflue. On prend le temps de regarder, de ressentir, d\u2019\u00e9changer. L\u2019\u0153uvre s\u2019inscrit dans un espace vivant, habit\u00e9, o\u00f9 le dialogue avec l\u2019artiste devient possible. Pour celles et ceux qui connaissent d\u00e9j\u00e0 le travail de <strong>Nadine Salem<\/strong>, c\u2019est une nouvelle occasion d\u2019en retrouver la sensibilit\u00e9. Pour les autres, c\u2019est une belle porte d\u2019entr\u00e9e dans son univers pictural.<\/p>\t\t\t\t\t\t\t\t<\/div>\n\t\t\t\t<\/div>\n\t\t\t\t<div class=\"elementor-element elementor-element-d22c6d0 elementor-widget elementor-widget-spacer\" data-id=\"d22c6d0\" data-element_type=\"widget\" data-widget_type=\"spacer.default\">\n\t\t\t\t<div class=\"elementor-widget-container\">\n\t\t\t\t\t\t\t<div class=\"elementor-spacer\">\n\t\t\t<div class=\"elementor-spacer-inner\"><\/div>\n\t\t<\/div>\n\t\t\t\t\t\t<\/div>\n\t\t\t\t<\/div>\n\t\t\t\t\t<\/div>\n\t\t\t\t<\/div>\n\t\t<div class=\"elementor-element elementor-element-5958cf8 e-flex e-con-boxed e-con e-parent\" data-id=\"5958cf8\" data-element_type=\"container\" data-settings=\"{&quot;background_background&quot;:&quot;classic&quot;}\">\n\t\t\t\t\t<div class=\"e-con-inner\">\n\t\t\t\t<div class=\"elementor-element elementor-element-5cf9fda elementor-widget elementor-widget-heading\" data-id=\"5cf9fda\" data-element_type=\"widget\" data-widget_type=\"heading.default\">\n\t\t\t\t<div class=\"elementor-widget-container\">\n\t\t\t\t\t<h2 class=\"elementor-heading-title elementor-size-default\">Une promenade artistique dans Rochefort<\/h2>\t\t\t\t<\/div>\n\t\t\t\t<\/div>\n\t\t\t\t\t<\/div>\n\t\t\t\t<\/div>\n\t\t<div class=\"elementor-element elementor-element-5e56703 e-flex e-con-boxed e-con e-parent\" data-id=\"5e56703\" data-element_type=\"container\" data-settings=\"{&quot;background_background&quot;:&quot;classic&quot;}\">\n\t\t\t\t\t<div class=\"e-con-inner\">\n\t\t<div class=\"elementor-element elementor-element-6d31819 e-con-full e-flex e-con e-child\" data-id=\"6d31819\" data-element_type=\"container\">\n\t\t\t\t<div class=\"elementor-element elementor-element-b6d117b elementor-widget elementor-widget-image\" data-id=\"b6d117b\" data-element_type=\"widget\" data-widget_type=\"image.default\">\n\t\t\t\t<div class=\"elementor-widget-container\">\n\t\t\t\t\t\t\t\t\t\t\t\t<figure class=\"wp-caption\">\n\t\t\t\t\t\t\t\t\t\t\t<a href=\"https:\/\/www.nadinesalem.fr\/wp-content\/uploads\/FLYER-2026-portes-ouvertes-sixieme-edition-verso.webp\" data-elementor-open-lightbox=\"yes\" data-elementor-lightbox-title=\"FLYER-2026-portes-ouvertes-sixieme-edition-verso\" data-e-action-hash=\"#elementor-action%3Aaction%3Dlightbox%26settings%3DeyJpZCI6MTg0MSwidXJsIjoiaHR0cHM6XC9cL3d3dy5uYWRpbmVzYWxlbS5mclwvd3AtY29udGVudFwvdXBsb2Fkc1wvRkxZRVItMjAyNi1wb3J0ZXMtb3V2ZXJ0ZXMtc2l4aWVtZS1lZGl0aW9uLXZlcnNvLndlYnAifQ%3D%3D\">\n\t\t\t\t\t\t\t<img fetchpriority=\"high\" decoding=\"async\" width=\"1280\" height=\"908\" src=\"https:\/\/www.nadinesalem.fr\/wp-content\/uploads\/FLYER-2026-portes-ouvertes-sixieme-edition-verso.webp\" class=\"attachment-full size-full wp-image-1841\" alt=\"exposition peinture \u00e0 Rochefort\" srcset=\"https:\/\/www.nadinesalem.fr\/wp-content\/uploads\/FLYER-2026-portes-ouvertes-sixieme-edition-verso.webp 1280w, https:\/\/www.nadinesalem.fr\/wp-content\/uploads\/FLYER-2026-portes-ouvertes-sixieme-edition-verso-300x213.webp 300w, https:\/\/www.nadinesalem.fr\/wp-content\/uploads\/FLYER-2026-portes-ouvertes-sixieme-edition-verso-1024x726.webp 1024w, https:\/\/www.nadinesalem.fr\/wp-content\/uploads\/FLYER-2026-portes-ouvertes-sixieme-edition-verso-768x545.webp 768w, https:\/\/www.nadinesalem.fr\/wp-content\/uploads\/FLYER-2026-portes-ouvertes-sixieme-edition-verso-18x12.webp 18w\" sizes=\"(max-width: 1280px) 100vw, 1280px\" \/>\t\t\t\t\t\t\t\t<\/a>\n\t\t\t\t\t\t\t\t\t\t\t<figcaption class=\"widget-image-caption wp-caption-text\">Cliquez pour aggrandir la liste<\/figcaption>\n\t\t\t\t\t\t\t\t\t\t<\/figure>\n\t\t\t\t\t\t\t\t\t<\/div>\n\t\t\t\t<\/div>\n\t\t\t\t<\/div>\n\t\t<div class=\"elementor-element elementor-element-b9e76f1 e-con-full e-flex e-con e-child\" data-id=\"b9e76f1\" data-element_type=\"container\">\n\t\t\t\t<div class=\"elementor-element elementor-element-bdf54e8 elementor-widget elementor-widget-text-editor\" data-id=\"bdf54e8\" data-element_type=\"widget\" data-widget_type=\"text-editor.default\">\n\t\t\t\t<div class=\"elementor-widget-container\">\n\t\t\t\t\t\t\t\t\t<p>L\u2019int\u00e9r\u00eat de cette <strong>exposition de peinture \u00e0 Rochefort<\/strong> tient aussi \u00e0 la richesse du parcours propos\u00e9 dans toute la ville. Les <strong>Portes Ouvertes<\/strong> invitent \u00e0 circuler d\u2019un lieu \u00e0 l\u2019autre, \u00e0 suivre sa curiosit\u00e9, \u00e0 s\u2019arr\u00eater l\u00e0 o\u00f9 une \u0153uvre, une mati\u00e8re ou une ambiance retient le regard.<\/p>\t\t\t\t\t\t\t\t<\/div>\n\t\t\t\t<\/div>\n\t\t\t\t<\/div>\n\t\t\t\t\t<\/div>\n\t\t\t\t<\/div>\n\t\t<div class=\"elementor-element elementor-element-4277b89 e-flex e-con-boxed e-con e-parent\" data-id=\"4277b89\" data-element_type=\"container\" data-settings=\"{&quot;background_background&quot;:&quot;classic&quot;}\">\n\t\t\t\t\t<div class=\"e-con-inner\">\n\t\t<div class=\"elementor-element elementor-element-93c615d e-con-full e-flex e-con e-child\" data-id=\"93c615d\" data-element_type=\"container\">\n\t\t\t\t<div class=\"elementor-element elementor-element-d8bec32 elementor-widget elementor-widget-text-editor\" data-id=\"d8bec32\" data-element_type=\"widget\" data-widget_type=\"text-editor.default\">\n\t\t\t\t<div class=\"elementor-widget-container\">\n\t\t\t\t\t\t\t\t\t<p>Parmi les artistes \u00e0 d\u00e9couvrir pendant ce parcours, quelques noms permettent d\u2019entrevoir la richesse des pratiques r\u00e9unies \u00e0 <strong>Rochefort<\/strong>. <strong>Brigitte Gestain Boyer<\/strong> pour par exemple la <strong>peinture<\/strong>, <strong>Juliette Planque<\/strong> la <strong>gravure<\/strong>, <strong>H\u00e9l\u00e8ne Yousse<\/strong> la <strong>sculpture<\/strong>, tandis que <strong>Philippe Puisieux<\/strong> ouvre le regard vers l\u2019<strong>illustration<\/strong> et les <strong>arts num\u00e9riques<\/strong>.<\/p>\t\t\t\t\t\t\t\t<\/div>\n\t\t\t\t<\/div>\n\t\t\t\t<\/div>\n\t\t<div class=\"elementor-element elementor-element-6bba5d4 e-con-full e-flex e-con e-child\" data-id=\"6bba5d4\" data-element_type=\"container\">\n\t\t\t\t<div class=\"elementor-element elementor-element-65bee7d elementor-widget elementor-widget-image\" data-id=\"65bee7d\" data-element_type=\"widget\" data-widget_type=\"image.default\">\n\t\t\t\t<div class=\"elementor-widget-container\">\n\t\t\t\t\t\t\t\t\t\t\t\t<figure class=\"wp-caption\">\n\t\t\t\t\t\t\t\t\t\t\t<a href=\"https:\/\/www.nadinesalem.fr\/wp-content\/uploads\/FLYER-2026-portes-ouvertes-sixieme-edition-recto.webp\" data-elementor-open-lightbox=\"yes\" data-elementor-lightbox-title=\"FLYER-2026-portes-ouvertes-sixieme-edition-recto\" data-e-action-hash=\"#elementor-action%3Aaction%3Dlightbox%26settings%3DeyJpZCI6MTg0MCwidXJsIjoiaHR0cHM6XC9cL3d3dy5uYWRpbmVzYWxlbS5mclwvd3AtY29udGVudFwvdXBsb2Fkc1wvRkxZRVItMjAyNi1wb3J0ZXMtb3V2ZXJ0ZXMtc2l4aWVtZS1lZGl0aW9uLXJlY3RvLndlYnAifQ%3D%3D\">\n\t\t\t\t\t\t\t<img decoding=\"async\" width=\"1280\" height=\"908\" src=\"https:\/\/www.nadinesalem.fr\/wp-content\/uploads\/FLYER-2026-portes-ouvertes-sixieme-edition-recto.webp\" class=\"attachment-full size-full wp-image-1840\" alt=\"exposition peinture \u00e0 Rochefort\" srcset=\"https:\/\/www.nadinesalem.fr\/wp-content\/uploads\/FLYER-2026-portes-ouvertes-sixieme-edition-recto.webp 1280w, https:\/\/www.nadinesalem.fr\/wp-content\/uploads\/FLYER-2026-portes-ouvertes-sixieme-edition-recto-300x213.webp 300w, https:\/\/www.nadinesalem.fr\/wp-content\/uploads\/FLYER-2026-portes-ouvertes-sixieme-edition-recto-1024x726.webp 1024w, https:\/\/www.nadinesalem.fr\/wp-content\/uploads\/FLYER-2026-portes-ouvertes-sixieme-edition-recto-768x545.webp 768w, https:\/\/www.nadinesalem.fr\/wp-content\/uploads\/FLYER-2026-portes-ouvertes-sixieme-edition-recto-18x12.webp 18w\" sizes=\"(max-width: 1280px) 100vw, 1280px\" \/>\t\t\t\t\t\t\t\t<\/a>\n\t\t\t\t\t\t\t\t\t\t\t<figcaption class=\"widget-image-caption wp-caption-text\">Cliquez pour aggrandir le plan<\/figcaption>\n\t\t\t\t\t\t\t\t\t\t<\/figure>\n\t\t\t\t\t\t\t\t\t<\/div>\n\t\t\t\t<\/div>\n\t\t\t\t<\/div>\n\t\t\t\t\t<\/div>\n\t\t\t\t<\/div>\n\t\t<div class=\"elementor-element elementor-element-77a1847 e-flex e-con-boxed e-con e-parent\" data-id=\"77a1847\" data-element_type=\"container\" data-settings=\"{&quot;background_background&quot;:&quot;classic&quot;,&quot;shape_divider_bottom&quot;:&quot;waves&quot;}\">\n\t\t\t\t\t<div class=\"e-con-inner\">\n\t\t\t\t<div class=\"elementor-shape elementor-shape-bottom\" aria-hidden=\"true\" data-negative=\"false\">\n\t\t\t<svg xmlns=\"http:\/\/www.w3.org\/2000\/svg\" viewBox=\"0 0 1000 100\" preserveAspectRatio=\"none\">\n\t<path class=\"elementor-shape-fill\" d=\"M421.9,6.5c22.6-2.5,51.5,0.4,75.5,5.3c23.6,4.9,70.9,23.5,100.5,35.7c75.8,32.2,133.7,44.5,192.6,49.7\n\tc23.6,2.1,48.7,3.5,103.4-2.5c54.7-6,106.2-25.6,106.2-25.6V0H0v30.3c0,0,72,32.6,158.4,30.5c39.2-0.7,92.8-6.7,134-22.4\n\tc21.2-8.1,52.2-18.2,79.7-24.2C399.3,7.9,411.6,7.5,421.9,6.5z\"\/>\n<\/svg>\t\t<\/div>\n\t\t<div class=\"elementor-element elementor-element-6d68f31 e-con-full e-flex e-con e-child\" data-id=\"6d68f31\" data-element_type=\"container\">\n\t\t\t\t<div class=\"elementor-element elementor-element-025f7dd elementor-widget elementor-widget-text-editor\" data-id=\"025f7dd\" data-element_type=\"widget\" data-widget_type=\"text-editor.default\">\n\t\t\t\t<div class=\"elementor-widget-container\">\n\t\t\t\t\t\t\t\t\t<p>Cette diversit\u00e9 donne \u00e0 la manifestation toute sa respiration. Les \u0153uvres, les gestes et les mati\u00e8res dialoguent d\u2019un lieu \u00e0 l\u2019autre, et composent un parcours artistique o\u00f9 chaque halte propose une mani\u00e8re diff\u00e9rente d\u2019entrer en relation avec la <strong>cr\u00e9ation contemporaine<\/strong>.<\/p>\t\t\t\t\t\t\t\t<\/div>\n\t\t\t\t<\/div>\n\t\t\t\t<\/div>\n\t\t\t\t\t<\/div>\n\t\t\t\t<\/div>\n\t\t<div class=\"elementor-element elementor-element-693e08a e-flex e-con-boxed e-con e-parent\" data-id=\"693e08a\" data-element_type=\"container\" data-settings=\"{&quot;background_background&quot;:&quot;classic&quot;,&quot;shape_divider_top&quot;:&quot;waves&quot;}\">\n\t\t\t\t\t<div class=\"e-con-inner\">\n\t\t\t\t<div class=\"elementor-shape elementor-shape-top\" aria-hidden=\"true\" data-negative=\"false\">\n\t\t\t<svg xmlns=\"http:\/\/www.w3.org\/2000\/svg\" viewBox=\"0 0 1000 100\" preserveAspectRatio=\"none\">\n\t<path class=\"elementor-shape-fill\" d=\"M421.9,6.5c22.6-2.5,51.5,0.4,75.5,5.3c23.6,4.9,70.9,23.5,100.5,35.7c75.8,32.2,133.7,44.5,192.6,49.7\n\tc23.6,2.1,48.7,3.5,103.4-2.5c54.7-6,106.2-25.6,106.2-25.6V0H0v30.3c0,0,72,32.6,158.4,30.5c39.2-0.7,92.8-6.7,134-22.4\n\tc21.2-8.1,52.2-18.2,79.7-24.2C399.3,7.9,411.6,7.5,421.9,6.5z\"\/>\n<\/svg>\t\t<\/div>\n\t\t\t\t<div class=\"elementor-element elementor-element-4d09e42 elementor-widget elementor-widget-spacer\" data-id=\"4d09e42\" data-element_type=\"widget\" data-widget_type=\"spacer.default\">\n\t\t\t\t<div class=\"elementor-widget-container\">\n\t\t\t\t\t\t\t<div class=\"elementor-spacer\">\n\t\t\t<div class=\"elementor-spacer-inner\"><\/div>\n\t\t<\/div>\n\t\t\t\t\t\t<\/div>\n\t\t\t\t<\/div>\n\t\t\t\t<div class=\"elementor-element elementor-element-587245a elementor-widget elementor-widget-heading\" data-id=\"587245a\" data-element_type=\"widget\" data-widget_type=\"heading.default\">\n\t\t\t\t<div class=\"elementor-widget-container\">\n\t\t\t\t\t<h2 class=\"elementor-heading-title elementor-size-default\">Pourquoi venir voir une exposition peinture \u00e0 Rochefort ?<\/h2>\t\t\t\t<\/div>\n\t\t\t\t<\/div>\n\t\t\t\t<div class=\"elementor-element elementor-element-74426f1 elementor-widget elementor-widget-text-editor\" data-id=\"74426f1\" data-element_type=\"widget\" data-widget_type=\"text-editor.default\">\n\t\t\t\t<div class=\"elementor-widget-container\">\n\t\t\t\t\t\t\t\t\t<p>D\u00e9couvrir une <strong>exposition de peinture \u00e0 Rochefort<\/strong>, c\u2019est choisir une approche plus intime de l\u2019art. On ne traverse pas simplement une salle d\u2019exposition : on entre dans des lieux habit\u00e9s, on ressent une pr\u00e9sence, on comprend mieux la d\u00e9marche de celles et ceux qui cr\u00e9ent.<\/p><p>Les <strong>Portes Ouvertes<\/strong> permettent justement cette proximit\u00e9. Elles offrent au visiteur la libert\u00e9 de construire son propre parcours, selon ses go\u00fbts, son rythme, ses envies de d\u00e9couverte. Certains viendront pour retrouver un artiste qu\u2019ils suivent d\u00e9j\u00e0. D\u2019autres se laisseront surprendre par une \u0153uvre rencontr\u00e9e au d\u00e9tour d\u2019une rue.<\/p><p>Dans ce contexte, la peinture prend une dimension particuli\u00e8re. Elle s\u2019inscrit dans un \u00e9change r\u00e9el, dans une ville en mouvement, dans une dynamique collective port\u00e9e par les artistes eux-m\u00eames. C\u2019est ce qui rend cette <strong>exposition peinture \u00e0 Rochefort<\/strong> particuli\u00e8rement int\u00e9ressante : elle ne se limite pas \u00e0 montrer, elle invite \u00e0 vivre une exp\u00e9rience.<\/p>\t\t\t\t\t\t\t\t<\/div>\n\t\t\t\t<\/div>\n\t\t\t\t<div class=\"elementor-element elementor-element-2b76e53 elementor-widget elementor-widget-spacer\" data-id=\"2b76e53\" data-element_type=\"widget\" data-widget_type=\"spacer.default\">\n\t\t\t\t<div class=\"elementor-widget-container\">\n\t\t\t\t\t\t\t<div class=\"elementor-spacer\">\n\t\t\t<div class=\"elementor-spacer-inner\"><\/div>\n\t\t<\/div>\n\t\t\t\t\t\t<\/div>\n\t\t\t\t<\/div>\n\t\t\t\t\t<\/div>\n\t\t\t\t<\/div>\n\t\t<div class=\"elementor-element elementor-element-cbaf171 e-flex e-con-boxed e-con e-parent\" data-id=\"cbaf171\" data-element_type=\"container\" data-settings=\"{&quot;background_background&quot;:&quot;classic&quot;}\">\n\t\t\t\t\t<div class=\"e-con-inner\">\n\t\t<div class=\"elementor-element elementor-element-3cbb463 e-con-full e-flex e-con e-child\" data-id=\"3cbb463\" data-element_type=\"container\" data-settings=\"{&quot;background_background&quot;:&quot;classic&quot;}\">\n\t\t\t\t<div class=\"elementor-element elementor-element-ac0e39b elementor-widget elementor-widget-heading\" data-id=\"ac0e39b\" data-element_type=\"widget\" data-widget_type=\"heading.default\">\n\t\t\t\t<div class=\"elementor-widget-container\">\n\t\t\t\t\t<h3 class=\"elementor-heading-title elementor-size-default\">Informations pratiques<\/h3>\t\t\t\t<\/div>\n\t\t\t\t<\/div>\n\t\t\t\t<div class=\"elementor-element elementor-element-596fe99 elementor-widget elementor-widget-text-editor\" data-id=\"596fe99\" data-element_type=\"widget\" data-widget_type=\"text-editor.default\">\n\t\t\t\t<div class=\"elementor-widget-container\">\n\t\t\t\t\t\t\t\t\t<p><strong>Les <a href=\"https:\/\/www.rochefort-ocean.com\/organiser\/agenda\/agenda-complet\/portes-ouvertes-travaux-d-artistes-5362872\" target=\"_blank\" rel=\"noopener\">Portes Ouvertes \u2013 Travaux d\u2019Artistes<\/a><\/strong> se d\u00e9roulent \u00e0 <strong>Rochefort<\/strong> les <strong>21 et 22 mars 2026<\/strong>, <strong>de 11h \u00e0 18h<\/strong>, avec une <strong>entr\u00e9e libre<\/strong>. Pour rencontrer <strong>Nadine Salem<\/strong>, rendez-vous au <strong>100 rue de la R\u00e9publique<\/strong>, au <strong>rep\u00e8re 11 du plan<\/strong>.<\/p><p>Le parcours permet \u00e9galement de d\u00e9couvrir de nombreux autres <strong>artistes<\/strong> r\u00e9partis dans la ville. Vous trouverez aussi une <strong>exposition du collectif au Bistro des Arts<\/strong>, situ\u00e9e <strong>125 rue Thiers<\/strong>.<\/p>\t\t\t\t\t\t\t\t<\/div>\n\t\t\t\t<\/div>\n\t\t\t\t<\/div>\n\t\t\t\t\t<\/div>\n\t\t\t\t<\/div>\n\t\t<div class=\"elementor-element elementor-element-2fd64c8 e-flex e-con-boxed e-con e-parent\" data-id=\"2fd64c8\" data-element_type=\"container\" data-settings=\"{&quot;background_background&quot;:&quot;classic&quot;}\">\n\t\t\t\t\t<div class=\"e-con-inner\">\n\t\t\t\t<div class=\"elementor-element elementor-element-289bf1f elementor-widget elementor-widget-heading\" data-id=\"289bf1f\" data-element_type=\"widget\" data-widget_type=\"heading.default\">\n\t\t\t\t<div class=\"elementor-widget-container\">\n\t\t\t\t\t<h2 class=\"elementor-heading-title elementor-size-default\">Une invitation \u00e0 d\u00e9couvrir l\u2019art autrement<\/h2>\t\t\t\t<\/div>\n\t\t\t\t<\/div>\n\t\t\t\t<div class=\"elementor-element elementor-element-877f98a elementor-widget elementor-widget-text-editor\" data-id=\"877f98a\" data-element_type=\"widget\" data-widget_type=\"text-editor.default\">\n\t\t\t\t<div class=\"elementor-widget-container\">\n\t\t\t\t\t\t\t\t\t<p>Cette <strong>exposition de peinture \u00e0 Rochefort<\/strong> est avant tout une invitation \u00e0 ralentir, \u00e0 regarder autrement, \u00e0 entrer dans la cr\u00e9ation par la rencontre. Pendant ce week-end de printemps, Rochefort devient un territoire d\u2019ateliers ouverts, de dialogues, de d\u00e9couvertes et d\u2019\u00e9motions artistiques.<\/p><p>Au fil de ce parcours, <strong>Nadine Salem<\/strong> vous accueille dans un lieu propice \u00e0 l\u2019\u00e9change et \u00e0 la contemplation, au <strong>100 rue de la R\u00e9publique<\/strong>. Une belle occasion de d\u00e9couvrir son travail dans le cadre vivant et chaleureux des <strong>Portes Ouvertes<\/strong>.<\/p>\t\t\t\t\t\t\t\t<\/div>\n\t\t\t\t<\/div>\n\t\t\t\t\t<\/div>\n\t\t\t\t<\/div>\n\t\t<div class=\"elementor-element elementor-element-6debd65 e-flex e-con-boxed e-con e-parent\" data-id=\"6debd65\" data-element_type=\"container\">\n\t\t\t\t\t<div class=\"e-con-inner\">\n\t\t<div class=\"elementor-element elementor-element-840a9ed e-con-full e-flex e-con e-child\" data-id=\"840a9ed\" data-element_type=\"container\">\n\t\t\t\t<div class=\"elementor-element elementor-element-30a8125 elementor-align-right elementor-widget elementor-widget-button\" data-id=\"30a8125\" data-element_type=\"widget\" data-widget_type=\"button.default\">\n\t\t\t\t<div class=\"elementor-widget-container\">\n\t\t\t\t\t\t\t\t\t<div class=\"elementor-button-wrapper\">\n\t\t\t\t\t<a class=\"elementor-button elementor-button-link elementor-size-sm\" href=\"https:\/\/www.nadinesalem.fr\/#temp\">\n\t\t\t\t\t\t<span class=\"elementor-button-content-wrapper\">\n\t\t\t\t\t\t\t\t\t<span class=\"elementor-button-text\">Les expos temporaires du moment<\/span>\n\t\t\t\t\t<\/span>\n\t\t\t\t\t<\/a>\n\t\t\t\t<\/div>\n\t\t\t\t\t\t\t\t<\/div>\n\t\t\t\t<\/div>\n\t\t\t\t<\/div>\n\t\t<div class=\"elementor-element elementor-element-40a9915 e-con-full e-flex e-con e-child\" data-id=\"40a9915\" data-element_type=\"container\">\n\t\t\t\t<div class=\"elementor-element elementor-element-ea1bcb0 elementor-widget elementor-widget-button\" data-id=\"ea1bcb0\" data-element_type=\"widget\" data-widget_type=\"button.default\">\n\t\t\t\t<div class=\"elementor-widget-container\">\n\t\t\t\t\t\t\t\t\t<div class=\"elementor-button-wrapper\">\n\t\t\t\t\t<a class=\"elementor-button elementor-button-link elementor-size-sm\" href=\"https:\/\/www.nadinesalem.fr\/peintre-charente-maritime\/#perm\">\n\t\t\t\t\t\t<span class=\"elementor-button-content-wrapper\">\n\t\t\t\t\t\t\t\t\t<span class=\"elementor-button-text\">Les expos permanentes<\/span>\n\t\t\t\t\t<\/span>\n\t\t\t\t\t<\/a>\n\t\t\t\t<\/div>\n\t\t\t\t\t\t\t\t<\/div>\n\t\t\t\t<\/div>\n\t\t\t\t<\/div>\n\t\t\t\t\t<\/div>\n\t\t\t\t<\/div>\n\t\t<div class=\"elementor-element elementor-element-5520693 e-flex e-con-boxed e-con e-parent\" data-id=\"5520693\" data-element_type=\"container\">\n\t\t\t\t\t<div class=\"e-con-inner\">\n\t\t\t\t<div class=\"elementor-element elementor-element-c6aa192 elementor-widget elementor-widget-spacer\" data-id=\"c6aa192\" data-element_type=\"widget\" data-widget_type=\"spacer.default\">\n\t\t\t\t<div class=\"elementor-widget-container\">\n\t\t\t\t\t\t\t<div class=\"elementor-spacer\">\n\t\t\t<div class=\"elementor-spacer-inner\"><\/div>\n\t\t<\/div>\n\t\t\t\t\t\t<\/div>\n\t\t\t\t<\/div>\n\t\t<div class=\"elementor-element elementor-element-fdc0065 e-con-full e-flex e-con e-child\" data-id=\"fdc0065\" data-element_type=\"container\">\n\t\t\t\t<div class=\"elementor-element elementor-element-7521f8d elementor-widget elementor-widget-heading\" data-id=\"7521f8d\" data-element_type=\"widget\" data-widget_type=\"heading.default\">\n\t\t\t\t<div class=\"elementor-widget-container\">\n\t\t\t\t\t<h3 class=\"elementor-heading-title elementor-size-default\">FAQ sur l'exposition de peinture \u00e0 Rochefort Portes Ouvertes<\/h3>\t\t\t\t<\/div>\n\t\t\t\t<\/div>\n\t\t\t\t<div class=\"elementor-element elementor-element-a2c3b5e elementor-widget elementor-widget-n-accordion\" data-id=\"a2c3b5e\" data-element_type=\"widget\" data-settings=\"{&quot;default_state&quot;:&quot;expanded&quot;,&quot;max_items_expended&quot;:&quot;one&quot;,&quot;n_accordion_animation_duration&quot;:{&quot;unit&quot;:&quot;ms&quot;,&quot;size&quot;:400,&quot;sizes&quot;:[]}}\" data-widget_type=\"nested-accordion.default\">\n\t\t\t\t<div class=\"elementor-widget-container\">\n\t\t\t\t\t\t\t<div class=\"e-n-accordion\" aria-label=\"Accordion. Open links with Enter or Space, close with Escape, and navigate with Arrow Keys\">\n\t\t\t\t\t\t<details id=\"e-n-accordion-item-1700\" class=\"e-n-accordion-item\" open>\n\t\t\t\t<summary class=\"e-n-accordion-item-title\" data-accordion-index=\"1\" tabindex=\"0\" aria-expanded=\"true\" aria-controls=\"e-n-accordion-item-1700\" >\n\t\t\t\t\t<span class='e-n-accordion-item-title-header'><h3 class=\"e-n-accordion-item-title-text\"> Quand voir Nadine Salem \u00e0 Rochefort ? <\/h3><\/span>\n\t\t\t\t\t\t\t<span class='e-n-accordion-item-title-icon'>\n\t\t\t<span class='e-opened' ><i aria-hidden=\"true\" class=\"fas fa-minus\"><\/i><\/span>\n\t\t\t<span class='e-closed'><i aria-hidden=\"true\" class=\"fas fa-plus\"><\/i><\/span>\n\t\t<\/span>\n\n\t\t\t\t\t\t<\/summary>\n\t\t\t\t<div role=\"region\" aria-labelledby=\"e-n-accordion-item-1700\" class=\"elementor-element elementor-element-aaf170f e-con-full e-flex e-con e-child\" data-id=\"aaf170f\" data-element_type=\"container\">\n\t\t\t\t<div class=\"elementor-element elementor-element-239ea14 elementor-widget elementor-widget-text-editor\" data-id=\"239ea14\" data-element_type=\"widget\" data-widget_type=\"text-editor.default\">\n\t\t\t\t<div class=\"elementor-widget-container\">\n\t\t\t\t\t\t\t\t\t<p>Vous pourrez d\u00e9couvrir le travail de <strong>Nadine Salem<\/strong> pendant les <strong>Portes Ouvertes des 21 et 22 mars 2026<\/strong>, <strong>de 11h \u00e0 18h<\/strong>.<\/p>\t\t\t\t\t\t\t\t<\/div>\n\t\t\t\t<\/div>\n\t\t\t\t<\/div>\n\t\t\t\t\t<\/details>\n\t\t\t\t\t\t<details id=\"e-n-accordion-item-1701\" class=\"e-n-accordion-item\" >\n\t\t\t\t<summary class=\"e-n-accordion-item-title\" data-accordion-index=\"2\" tabindex=\"-1\" aria-expanded=\"false\" aria-controls=\"e-n-accordion-item-1701\" >\n\t\t\t\t\t<span class='e-n-accordion-item-title-header'><h3 class=\"e-n-accordion-item-title-text\"> O\u00f9 se trouve Nadine Salem pendant l\u2019\u00e9v\u00e9nement ? <\/h3><\/span>\n\t\t\t\t\t\t\t<span class='e-n-accordion-item-title-icon'>\n\t\t\t<span class='e-opened' ><i aria-hidden=\"true\" class=\"fas fa-minus\"><\/i><\/span>\n\t\t\t<span class='e-closed'><i aria-hidden=\"true\" class=\"fas fa-plus\"><\/i><\/span>\n\t\t<\/span>\n\n\t\t\t\t\t\t<\/summary>\n\t\t\t\t<div role=\"region\" aria-labelledby=\"e-n-accordion-item-1701\" class=\"elementor-element elementor-element-9205393 e-con-full e-flex e-con e-child\" data-id=\"9205393\" data-element_type=\"container\">\n\t\t\t\t<div class=\"elementor-element elementor-element-5493336 elementor-widget elementor-widget-text-editor\" data-id=\"5493336\" data-element_type=\"widget\" data-widget_type=\"text-editor.default\">\n\t\t\t\t<div class=\"elementor-widget-container\">\n\t\t\t\t\t\t\t\t\t<p><a href=\"https:\/\/www.nadinesalem.fr\/peintre-charente-maritime\/\"><strong>Nadine Salem<\/strong><\/a> vous accueille au <strong>100 rue de la R\u00e9publique \u00e0 Rochefort<\/strong>, correspondant au <strong>rep\u00e8re 11 sur le plan<\/strong> officiel de l\u2019\u00e9v\u00e9nement.<\/p>\t\t\t\t\t\t\t\t<\/div>\n\t\t\t\t<\/div>\n\t\t\t\t<\/div>\n\t\t\t\t\t<\/details>\n\t\t\t\t\t\t<details id=\"e-n-accordion-item-1702\" class=\"e-n-accordion-item\" >\n\t\t\t\t<summary class=\"e-n-accordion-item-title\" data-accordion-index=\"3\" tabindex=\"-1\" aria-expanded=\"false\" aria-controls=\"e-n-accordion-item-1702\" >\n\t\t\t\t\t<span class='e-n-accordion-item-title-header'><h3 class=\"e-n-accordion-item-title-text\"> L\u2019entr\u00e9e est-elle gratuite ? <\/h3><\/span>\n\t\t\t\t\t\t\t<span class='e-n-accordion-item-title-icon'>\n\t\t\t<span class='e-opened' ><i aria-hidden=\"true\" class=\"fas fa-minus\"><\/i><\/span>\n\t\t\t<span class='e-closed'><i aria-hidden=\"true\" class=\"fas fa-plus\"><\/i><\/span>\n\t\t<\/span>\n\n\t\t\t\t\t\t<\/summary>\n\t\t\t\t<div role=\"region\" aria-labelledby=\"e-n-accordion-item-1702\" class=\"elementor-element elementor-element-7a87f88 e-con-full e-flex e-con e-child\" data-id=\"7a87f88\" data-element_type=\"container\">\n\t\t\t\t<div class=\"elementor-element elementor-element-dc17200 elementor-widget elementor-widget-text-editor\" data-id=\"dc17200\" data-element_type=\"widget\" data-widget_type=\"text-editor.default\">\n\t\t\t\t<div class=\"elementor-widget-container\">\n\t\t\t\t\t\t\t\t\t<p>Oui tout \u00e0 fait. L\u2019acc\u00e8s aux <strong>Portes Ouvertes de Rochefort<\/strong> est annonc\u00e9 en <strong>entr\u00e9e libre<\/strong>.<\/p>\t\t\t\t\t\t\t\t<\/div>\n\t\t\t\t<\/div>\n\t\t\t\t<\/div>\n\t\t\t\t\t<\/details>\n\t\t\t\t\t\t<details id=\"e-n-accordion-item-1703\" class=\"e-n-accordion-item\" >\n\t\t\t\t<summary class=\"e-n-accordion-item-title\" data-accordion-index=\"4\" tabindex=\"-1\" aria-expanded=\"false\" aria-controls=\"e-n-accordion-item-1703\" >\n\t\t\t\t\t<span class='e-n-accordion-item-title-header'><h3 class=\"e-n-accordion-item-title-text\"> Que peut-on d\u00e9couvrir en plus de la peinture ? <\/h3><\/span>\n\t\t\t\t\t\t\t<span class='e-n-accordion-item-title-icon'>\n\t\t\t<span class='e-opened' ><i aria-hidden=\"true\" class=\"fas fa-minus\"><\/i><\/span>\n\t\t\t<span class='e-closed'><i aria-hidden=\"true\" class=\"fas fa-plus\"><\/i><\/span>\n\t\t<\/span>\n\n\t\t\t\t\t\t<\/summary>\n\t\t\t\t<div role=\"region\" aria-labelledby=\"e-n-accordion-item-1703\" class=\"elementor-element elementor-element-44b1069 e-con-full e-flex e-con e-child\" data-id=\"44b1069\" data-element_type=\"container\">\n\t\t\t\t<div class=\"elementor-element elementor-element-117033f elementor-widget elementor-widget-text-editor\" data-id=\"117033f\" data-element_type=\"widget\" data-widget_type=\"text-editor.default\">\n\t\t\t\t<div class=\"elementor-widget-container\">\n\t\t\t\t\t\t\t\t\t<p>Le parcours met aussi \u00e0 l\u2019honneur d\u2019autres disciplines artistiques. Retrouvez des m\u00e9diums comme la <strong>sculpture<\/strong>, l\u2019<strong>illustration<\/strong>, le <strong>collage<\/strong>, la <strong>photographie<\/strong>, la <strong>gravure<\/strong>, le <strong>textile<\/strong> ou encore les <strong>arts num\u00e9riques<\/strong>.<\/p>\t\t\t\t\t\t\t\t<\/div>\n\t\t\t\t<\/div>\n\t\t\t\t<\/div>\n\t\t\t\t\t<\/details>\n\t\t\t\t\t<\/div>\n\t\t\t\t\t<script type=\"application\/ld+json\">{\"@context\":\"https:\\\/\\\/schema.org\",\"@type\":\"FAQPage\",\"mainEntity\":[{\"@type\":\"Question\",\"name\":\"Quand voir Nadine Salem \\u00e0 Rochefort ?\",\"acceptedAnswer\":{\"@type\":\"Answer\",\"text\":\"Vous pourrez d\\u00e9couvrir le travail de Nadine Salem pendant les Portes Ouvertes des 21 et 22 mars 2026, de 11h \\u00e0 18h.\"}},{\"@type\":\"Question\",\"name\":\"O\\u00f9 se trouve Nadine Salem pendant l\\u2019\\u00e9v\\u00e9nement ?\",\"acceptedAnswer\":{\"@type\":\"Answer\",\"text\":\"Nadine Salem vous accueille au 100 rue de la R\\u00e9publique \\u00e0 Rochefort, correspondant au rep\\u00e8re 11 sur le plan officiel de l\\u2019\\u00e9v\\u00e9nement.\"}},{\"@type\":\"Question\",\"name\":\"L\\u2019entr\\u00e9e est-elle gratuite ?\",\"acceptedAnswer\":{\"@type\":\"Answer\",\"text\":\"Oui tout \\u00e0 fait. L\\u2019acc\\u00e8s aux Portes Ouvertes de Rochefort est annonc\\u00e9 en entr\\u00e9e libre.\"}},{\"@type\":\"Question\",\"name\":\"Que peut-on d\\u00e9couvrir en plus de la peinture ?\",\"acceptedAnswer\":{\"@type\":\"Answer\",\"text\":\"Le parcours met aussi \\u00e0 l\\u2019honneur d\\u2019autres disciplines artistiques. Retrouvez des m\\u00e9diums comme la sculpture, l\\u2019illustration, le collage, la photographie, la gravure, le textile ou encore les arts num\\u00e9riques.\"}}]}<\/script>\n\t\t\t\t\t\t\t<\/div>\n\t\t\t\t<\/div>\n\t\t\t\t<\/div>\n\t\t\t\t\t<\/div>\n\t\t\t\t<\/div>\n\t\t\t\t<\/div>\n\t\t","protected":false},"excerpt":{"rendered":"<p>Exposition peinture Portes Ouvertes \u00e0 Rochefort Vous cherchez une exposition de peinture \u00e0 Rochefort \u00e0 d\u00e9couvrir au printemps prochain ? Les Portes Ouvertes \u2013 Travaux d\u2019Artistes offrent une belle occasion d\u2019entrer dans l\u2019univers des cr\u00e9ateurs rochefortais. Pendant tout un week-end, les visiteurs sont invit\u00e9s \u00e0 pousser les portes des ateliers, des maisons et des lieux [&hellip;]<\/p>\n","protected":false},"author":10,"featured_media":1839,"comment_status":"open","ping_status":"open","sticky":false,"template":"","format":"standard","meta":{"footnotes":""},"categories":[8,7],"tags":[],"class_list":["post-1838","post","type-post","status-publish","format-standard","has-post-thumbnail","hentry","category-actualites","category-expos-tempo"],"yoast_head":"<!-- This site is optimized with the Yoast SEO plugin v27.4 - https:\/\/yoast.com\/product\/yoast-seo-wordpress\/ -->\n<title>Exposition de peinture Portes Ouvertes \u00e0 Rochefort<\/title>\n<meta name=\"description\" content=\"Venez \u00e0 l&#039;exposition de peinture \u00e0 Rochefort Portes Ouvertes avec Nadine Salem. Rendez-vous 100 rue de la R\u00e9publique du 21 et 22 mars 2026.\" \/>\n<meta name=\"robots\" content=\"index, follow, max-snippet:-1, max-image-preview:large, max-video-preview:-1\" \/>\n<link rel=\"canonical\" href=\"https:\/\/www.nadinesalem.fr\/en\/painting-exhibition-rochefort\/\" \/>\n<meta property=\"og:locale\" content=\"en_GB\" \/>\n<meta property=\"og:type\" content=\"article\" \/>\n<meta property=\"og:title\" content=\"Exposition de peinture Portes Ouvertes \u00e0 Rochefort\" \/>\n<meta property=\"og:description\" content=\"Venez \u00e0 l&#039;exposition de peinture \u00e0 Rochefort Portes Ouvertes avec Nadine Salem. Rendez-vous 100 rue de la R\u00e9publique du 21 et 22 mars 2026.\" \/>\n<meta property=\"og:url\" content=\"https:\/\/www.nadinesalem.fr\/en\/painting-exhibition-rochefort\/\" \/>\n<meta property=\"og:site_name\" content=\"Nadine Salem\" \/>\n<meta property=\"article:publisher\" content=\"https:\/\/www.facebook.com\/nadine.salem.peintre?locale=fr_FR\" \/>\n<meta property=\"article:published_time\" content=\"2026-03-12T10:08:32+00:00\" \/>\n<meta property=\"article:modified_time\" content=\"2026-03-12T10:23:22+00:00\" \/>\n<meta property=\"og:image\" content=\"https:\/\/www.nadinesalem.fr\/wp-content\/uploads\/Avant-les-oiseaux-130X89cm.webp\" \/>\n\t<meta property=\"og:image:width\" content=\"614\" \/>\n\t<meta property=\"og:image:height\" content=\"900\" \/>\n\t<meta property=\"og:image:type\" content=\"image\/webp\" \/>\n<meta name=\"author\" content=\"Maelle Fonteneau\" \/>\n<meta name=\"twitter:card\" content=\"summary_large_image\" \/>\n<meta name=\"twitter:label1\" content=\"Written by\" \/>\n\t<meta name=\"twitter:data1\" content=\"Maelle Fonteneau\" \/>\n\t<meta name=\"twitter:label2\" content=\"Estimated reading time\" \/>\n\t<meta name=\"twitter:data2\" content=\"6 minutes\" \/>\n<script type=\"application\/ld+json\" class=\"yoast-schema-graph\">{\"@context\":\"https:\\\/\\\/schema.org\",\"@graph\":[{\"@type\":\"Article\",\"@id\":\"https:\\\/\\\/www.nadinesalem.fr\\\/exposition-peinture-rochefort\\\/#article\",\"isPartOf\":{\"@id\":\"https:\\\/\\\/www.nadinesalem.fr\\\/exposition-peinture-rochefort\\\/\"},\"author\":{\"name\":\"Maelle Fonteneau\",\"@id\":\"https:\\\/\\\/www.nadinesalem.fr\\\/#\\\/schema\\\/person\\\/f29ff1b29cdd8160ad7a7ddabc7fa726\"},\"headline\":\"Exposition peinture Portes Ouvertes \u00e0 Rochefort du 21 et 22 mars\",\"datePublished\":\"2026-03-12T10:08:32+00:00\",\"dateModified\":\"2026-03-12T10:23:22+00:00\",\"mainEntityOfPage\":{\"@id\":\"https:\\\/\\\/www.nadinesalem.fr\\\/exposition-peinture-rochefort\\\/\"},\"wordCount\":1008,\"commentCount\":0,\"publisher\":{\"@id\":\"https:\\\/\\\/www.nadinesalem.fr\\\/#organization\"},\"image\":{\"@id\":\"https:\\\/\\\/www.nadinesalem.fr\\\/exposition-peinture-rochefort\\\/#primaryimage\"},\"thumbnailUrl\":\"https:\\\/\\\/www.nadinesalem.fr\\\/wp-content\\\/uploads\\\/Avant-les-oiseaux-130X89cm.webp\",\"articleSection\":[\"Actualit\u00e9s\",\"Expos tempo\"],\"inLanguage\":\"en-GB\"},{\"@type\":\"WebPage\",\"@id\":\"https:\\\/\\\/www.nadinesalem.fr\\\/exposition-peinture-rochefort\\\/\",\"url\":\"https:\\\/\\\/www.nadinesalem.fr\\\/exposition-peinture-rochefort\\\/\",\"name\":\"Exposition de peinture Portes Ouvertes \u00e0 Rochefort\",\"isPartOf\":{\"@id\":\"https:\\\/\\\/www.nadinesalem.fr\\\/#website\"},\"primaryImageOfPage\":{\"@id\":\"https:\\\/\\\/www.nadinesalem.fr\\\/exposition-peinture-rochefort\\\/#primaryimage\"},\"image\":{\"@id\":\"https:\\\/\\\/www.nadinesalem.fr\\\/exposition-peinture-rochefort\\\/#primaryimage\"},\"thumbnailUrl\":\"https:\\\/\\\/www.nadinesalem.fr\\\/wp-content\\\/uploads\\\/Avant-les-oiseaux-130X89cm.webp\",\"datePublished\":\"2026-03-12T10:08:32+00:00\",\"dateModified\":\"2026-03-12T10:23:22+00:00\",\"description\":\"Venez \u00e0 l'exposition de peinture \u00e0 Rochefort Portes Ouvertes avec Nadine Salem. Rendez-vous 100 rue de la R\u00e9publique du 21 et 22 mars 2026.\",\"breadcrumb\":{\"@id\":\"https:\\\/\\\/www.nadinesalem.fr\\\/exposition-peinture-rochefort\\\/#breadcrumb\"},\"inLanguage\":\"en-GB\",\"potentialAction\":[{\"@type\":\"ReadAction\",\"target\":[\"https:\\\/\\\/www.nadinesalem.fr\\\/exposition-peinture-rochefort\\\/\"]}]},{\"@type\":\"ImageObject\",\"inLanguage\":\"en-GB\",\"@id\":\"https:\\\/\\\/www.nadinesalem.fr\\\/exposition-peinture-rochefort\\\/#primaryimage\",\"url\":\"https:\\\/\\\/www.nadinesalem.fr\\\/wp-content\\\/uploads\\\/Avant-les-oiseaux-130X89cm.webp\",\"contentUrl\":\"https:\\\/\\\/www.nadinesalem.fr\\\/wp-content\\\/uploads\\\/Avant-les-oiseaux-130X89cm.webp\",\"width\":614,\"height\":900,\"caption\":\"Avant les oiseaux 130X89cm\"},{\"@type\":\"BreadcrumbList\",\"@id\":\"https:\\\/\\\/www.nadinesalem.fr\\\/exposition-peinture-rochefort\\\/#breadcrumb\",\"itemListElement\":[{\"@type\":\"ListItem\",\"position\":1,\"name\":\"Home\",\"item\":\"https:\\\/\\\/www.nadinesalem.fr\\\/\"},{\"@type\":\"ListItem\",\"position\":2,\"name\":\"Exposition peinture Portes Ouvertes \u00e0 Rochefort du 21 et 22 mars\"}]},{\"@type\":\"WebSite\",\"@id\":\"https:\\\/\\\/www.nadinesalem.fr\\\/#website\",\"url\":\"https:\\\/\\\/www.nadinesalem.fr\\\/\",\"name\":\"Nadine Salem\",\"description\":\"Le site de Nadine Salem\",\"publisher\":{\"@id\":\"https:\\\/\\\/www.nadinesalem.fr\\\/#organization\"},\"potentialAction\":[{\"@type\":\"SearchAction\",\"target\":{\"@type\":\"EntryPoint\",\"urlTemplate\":\"https:\\\/\\\/www.nadinesalem.fr\\\/?s={search_term_string}\"},\"query-input\":{\"@type\":\"PropertyValueSpecification\",\"valueRequired\":true,\"valueName\":\"search_term_string\"}}],\"inLanguage\":\"en-GB\"},{\"@type\":\"Organization\",\"@id\":\"https:\\\/\\\/www.nadinesalem.fr\\\/#organization\",\"name\":\"Nadine Salem\",\"url\":\"https:\\\/\\\/www.nadinesalem.fr\\\/\",\"logo\":{\"@type\":\"ImageObject\",\"inLanguage\":\"en-GB\",\"@id\":\"https:\\\/\\\/www.nadinesalem.fr\\\/#\\\/schema\\\/logo\\\/image\\\/\",\"url\":\"https:\\\/\\\/www.nadinesalem.fr\\\/wp-content\\\/uploads\\\/sow-salem-logo.svg\",\"contentUrl\":\"https:\\\/\\\/www.nadinesalem.fr\\\/wp-content\\\/uploads\\\/sow-salem-logo.svg\",\"width\":1,\"height\":1,\"caption\":\"Nadine Salem\"},\"image\":{\"@id\":\"https:\\\/\\\/www.nadinesalem.fr\\\/#\\\/schema\\\/logo\\\/image\\\/\"},\"sameAs\":[\"https:\\\/\\\/www.facebook.com\\\/nadine.salem.peintre?locale=fr_FR\"]},{\"@type\":\"Person\",\"@id\":\"https:\\\/\\\/www.nadinesalem.fr\\\/#\\\/schema\\\/person\\\/f29ff1b29cdd8160ad7a7ddabc7fa726\",\"name\":\"Maelle Fonteneau\",\"url\":\"https:\\\/\\\/www.nadinesalem.fr\\\/en\\\/author\\\/maelle_fonteneau\\\/\"}]}<\/script>\n<!-- \/ Yoast SEO plugin. -->","yoast_head_json":{"title":"Open Studios Painting Exhibition in Rochefort","description":"Come to the painting exhibition at Rochefort Portes Ouvertes with Nadine Salem. We'll meet at 100 rue de la R\u00e9publique on March 21 and 22, 2026.","robots":{"index":"index","follow":"follow","max-snippet":"max-snippet:-1","max-image-preview":"max-image-preview:large","max-video-preview":"max-video-preview:-1"},"canonical":"https:\/\/www.nadinesalem.fr\/en\/painting-exhibition-rochefort\/","og_locale":"en_GB","og_type":"article","og_title":"Exposition de peinture Portes Ouvertes \u00e0 Rochefort","og_description":"Venez \u00e0 l'exposition de peinture \u00e0 Rochefort Portes Ouvertes avec Nadine Salem. Rendez-vous 100 rue de la R\u00e9publique du 21 et 22 mars 2026.","og_url":"https:\/\/www.nadinesalem.fr\/en\/painting-exhibition-rochefort\/","og_site_name":"Nadine Salem","article_publisher":"https:\/\/www.facebook.com\/nadine.salem.peintre?locale=fr_FR","article_published_time":"2026-03-12T10:08:32+00:00","article_modified_time":"2026-03-12T10:23:22+00:00","og_image":[{"width":614,"height":900,"url":"https:\/\/www.nadinesalem.fr\/wp-content\/uploads\/Avant-les-oiseaux-130X89cm.webp","type":"image\/webp"}],"author":"Maelle Fonteneau","twitter_card":"summary_large_image","twitter_misc":{"Written by":"Maelle Fonteneau","Estimated reading time":"6 minutes"},"schema":{"@context":"https:\/\/schema.org","@graph":[{"@type":"Article","@id":"https:\/\/www.nadinesalem.fr\/exposition-peinture-rochefort\/#article","isPartOf":{"@id":"https:\/\/www.nadinesalem.fr\/exposition-peinture-rochefort\/"},"author":{"name":"Maelle Fonteneau","@id":"https:\/\/www.nadinesalem.fr\/#\/schema\/person\/f29ff1b29cdd8160ad7a7ddabc7fa726"},"headline":"Exposition peinture Portes Ouvertes \u00e0 Rochefort du 21 et 22 mars","datePublished":"2026-03-12T10:08:32+00:00","dateModified":"2026-03-12T10:23:22+00:00","mainEntityOfPage":{"@id":"https:\/\/www.nadinesalem.fr\/exposition-peinture-rochefort\/"},"wordCount":1008,"commentCount":0,"publisher":{"@id":"https:\/\/www.nadinesalem.fr\/#organization"},"image":{"@id":"https:\/\/www.nadinesalem.fr\/exposition-peinture-rochefort\/#primaryimage"},"thumbnailUrl":"https:\/\/www.nadinesalem.fr\/wp-content\/uploads\/Avant-les-oiseaux-130X89cm.webp","articleSection":["Actualit\u00e9s","Expos tempo"],"inLanguage":"en-GB"},{"@type":"WebPage","@id":"https:\/\/www.nadinesalem.fr\/exposition-peinture-rochefort\/","url":"https:\/\/www.nadinesalem.fr\/exposition-peinture-rochefort\/","name":"Open Studios Painting Exhibition in Rochefort","isPartOf":{"@id":"https:\/\/www.nadinesalem.fr\/#website"},"primaryImageOfPage":{"@id":"https:\/\/www.nadinesalem.fr\/exposition-peinture-rochefort\/#primaryimage"},"image":{"@id":"https:\/\/www.nadinesalem.fr\/exposition-peinture-rochefort\/#primaryimage"},"thumbnailUrl":"https:\/\/www.nadinesalem.fr\/wp-content\/uploads\/Avant-les-oiseaux-130X89cm.webp","datePublished":"2026-03-12T10:08:32+00:00","dateModified":"2026-03-12T10:23:22+00:00","description":"Come to the painting exhibition at Rochefort Portes Ouvertes with Nadine Salem. We'll meet at 100 rue de la R\u00e9publique on March 21 and 22, 2026.","breadcrumb":{"@id":"https:\/\/www.nadinesalem.fr\/exposition-peinture-rochefort\/#breadcrumb"},"inLanguage":"en-GB","potentialAction":[{"@type":"ReadAction","target":["https:\/\/www.nadinesalem.fr\/exposition-peinture-rochefort\/"]}]},{"@type":"ImageObject","inLanguage":"en-GB","@id":"https:\/\/www.nadinesalem.fr\/exposition-peinture-rochefort\/#primaryimage","url":"https:\/\/www.nadinesalem.fr\/wp-content\/uploads\/Avant-les-oiseaux-130X89cm.webp","contentUrl":"https:\/\/www.nadinesalem.fr\/wp-content\/uploads\/Avant-les-oiseaux-130X89cm.webp","width":614,"height":900,"caption":"Avant les oiseaux 130X89cm"},{"@type":"BreadcrumbList","@id":"https:\/\/www.nadinesalem.fr\/exposition-peinture-rochefort\/#breadcrumb","itemListElement":[{"@type":"ListItem","position":1,"name":"Home","item":"https:\/\/www.nadinesalem.fr\/"},{"@type":"ListItem","position":2,"name":"Exposition peinture Portes Ouvertes \u00e0 Rochefort du 21 et 22 mars"}]},{"@type":"WebSite","@id":"https:\/\/www.nadinesalem.fr\/#website","url":"https:\/\/www.nadinesalem.fr\/","name":"Nadine Salem","description":"Le site de Nadine Salem","publisher":{"@id":"https:\/\/www.nadinesalem.fr\/#organization"},"potentialAction":[{"@type":"SearchAction","target":{"@type":"EntryPoint","urlTemplate":"https:\/\/www.nadinesalem.fr\/?s={search_term_string}"},"query-input":{"@type":"PropertyValueSpecification","valueRequired":true,"valueName":"search_term_string"}}],"inLanguage":"en-GB"},{"@type":"Organization","@id":"https:\/\/www.nadinesalem.fr\/#organization","name":"Nadine Salem","url":"https:\/\/www.nadinesalem.fr\/","logo":{"@type":"ImageObject","inLanguage":"en-GB","@id":"https:\/\/www.nadinesalem.fr\/#\/schema\/logo\/image\/","url":"https:\/\/www.nadinesalem.fr\/wp-content\/uploads\/sow-salem-logo.svg","contentUrl":"https:\/\/www.nadinesalem.fr\/wp-content\/uploads\/sow-salem-logo.svg","width":1,"height":1,"caption":"Nadine Salem"},"image":{"@id":"https:\/\/www.nadinesalem.fr\/#\/schema\/logo\/image\/"},"sameAs":["https:\/\/www.facebook.com\/nadine.salem.peintre?locale=fr_FR"]},{"@type":"Person","@id":"https:\/\/www.nadinesalem.fr\/#\/schema\/person\/f29ff1b29cdd8160ad7a7ddabc7fa726","name":"Maelle Fonteneau","url":"https:\/\/www.nadinesalem.fr\/en\/author\/maelle_fonteneau\/"}]}},"_links":{"self":[{"href":"https:\/\/www.nadinesalem.fr\/en\/wp-json\/wp\/v2\/posts\/1838","targetHints":{"allow":["GET"]}}],"collection":[{"href":"https:\/\/www.nadinesalem.fr\/en\/wp-json\/wp\/v2\/posts"}],"about":[{"href":"https:\/\/www.nadinesalem.fr\/en\/wp-json\/wp\/v2\/types\/post"}],"author":[{"embeddable":true,"href":"https:\/\/www.nadinesalem.fr\/en\/wp-json\/wp\/v2\/users\/10"}],"replies":[{"embeddable":true,"href":"https:\/\/www.nadinesalem.fr\/en\/wp-json\/wp\/v2\/comments?post=1838"}],"version-history":[{"count":5,"href":"https:\/\/www.nadinesalem.fr\/en\/wp-json\/wp\/v2\/posts\/1838\/revisions"}],"predecessor-version":[{"id":1853,"href":"https:\/\/www.nadinesalem.fr\/en\/wp-json\/wp\/v2\/posts\/1838\/revisions\/1853"}],"wp:featuredmedia":[{"embeddable":true,"href":"https:\/\/www.nadinesalem.fr\/en\/wp-json\/wp\/v2\/media\/1839"}],"wp:attachment":[{"href":"https:\/\/www.nadinesalem.fr\/en\/wp-json\/wp\/v2\/media?parent=1838"}],"wp:term":[{"taxonomy":"category","embeddable":true,"href":"https:\/\/www.nadinesalem.fr\/en\/wp-json\/wp\/v2\/categories?post=1838"},{"taxonomy":"post_tag","embeddable":true,"href":"https:\/\/www.nadinesalem.fr\/en\/wp-json\/wp\/v2\/tags?post=1838"}],"curies":[{"name":"wp","href":"https:\/\/api.w.org\/{rel}","templated":true}]}}